{"id":2044,"date":"2025-05-01T13:51:43","date_gmt":"2025-05-01T13:51:43","guid":{"rendered":"https:\/\/caurus-technologies.com\/?p=2044"},"modified":"2025-05-01T13:53:56","modified_gmt":"2025-05-01T13:53:56","slug":"rueckblick-auf-die-aerial-fire-fighting-europe-conference-2025","status":"publish","type":"post","link":"https:\/\/caurus-technologies.com\/en\/news\/rueckblick-auf-die-aerial-fire-fighting-europe-conference-2025\/","title":{"rendered":"Takeaways from the Aerial Firefighting Europe Conference 2025"},"content":{"rendered":"<figure><img decoding=\"async\" style=\"width: 798px; height: auto;\" src=\"https:\/\/caurus-technologies.com\/wp-content\/uploads\/2025\/04\/CAURUS-Founders-at-AFFE2025-768x1024.jpg\" alt=\"Steht symbolisch f\u00fcr die Teilnahme der Telle-Brueder und Gr\u00fcnder an der AFFE2025\" \/>\n<figcaption>This year, Henrik and Philippe Telle participated for the second time at the Aerial Fire Fighting Europe Conference 2025. This time with the CAURUS sensor prototype.<\/figcaption>\n<\/figure>\n\n<p>CAURUS Technologies spent two intensive days at the Aerial Firefighting Europe Conference in Bordeaux, France, from March 26 to 27, 2025. Co-founders Philippe und Henrik Telle rubbed shoulders with other firefighting entrepreneurs and most importantly firefighting practitioners. The CAURUS sensor platform was even presented to a larger audience in the innovation part of a presentation by the Bavarian Ministry of the Interior and the W\u00fcrzburg Firefighting Academy. Representatives of the two organisations shared their experience with firefighting innovation and efforts to prepare for increasingly fierce fire seasons also in Germany.\u00a0<\/p>\n\n<p>Much of the two-day discussions revolved around three major questions:<\/p>\n\n<ol class=\"wp-block-list\">\n<li>1) Are our capacities and capabilities sufficient to adequately respond to changing fire patterns?<\/li>\n\n<li>2)\tHow can firefighting innovation be financed?<\/li>\n\n<li>3)\tAnd can existing capacities be efficiently extended and upgraded to manage cycle times and maintenance better?<\/li>\n<\/ol>\n\n<p>Here are some of our personal takeaways from the AFFE 2025.\u00a0<\/p>\n\n<figure><img decoding=\"async\" src=\"https:\/\/caurus-technologies.com\/wp-content\/uploads\/2025\/04\/Representatives-of-SFWS-presents-on-CAURUS-sensor-1024x783.jpg\" alt=\"Illustrates CAURUS Technologies sensor featuring on stage during AFFE2025\" \/>\n<figcaption>Representatives of the State Firefighters' Academy W\u00fcrzburg share their experience with the CAURUS sensor<\/figcaption>\n<\/figure>\n\n<h2 class=\"wp-block-heading\">Changing wildfires patterns and the capacity crisis<\/h2>\n\n<p>The challenges posed by changing wildfire patterns exacerbated by climate change are becoming increasingly visible. Wildfires now are occurring out of \u201cfire seasons\u201d. Yet, forward-looking fire season planning isn\u2019t mainstream everywhere yet and preemptive planning only ever comes up as a topic when the fires are already raging. \u201cExceptional events\u201d now seem to occur every year\u201d, just in different places of the globe. And more area is burnt every year: in 2023, fires in Canada burnt the total area of the past 20 years in just one year.\u00a0<\/p>\n\nAuch die Investitionen der letzten Jahrzehnte spiegeln nicht das ver\u00e4nderte Brandverhalten wider. Ein Gro\u00dfteil des Konstruktionsdesigns und der Technologie der alternden L\u00f6schflugzeugflotten stammt aus den 1960er Jahren. Vielerorts ist die Ausr\u00fcstung knapper als der Bedarf, was dazu f\u00fchrt, dass so manche Bitte um zus\u00e4tzliche Unterst\u00fctzung aus benachbarten Regionen oder Staaten unbeantwortet bleibt. Innovationen und neue Technologien zur Waldbrandbek\u00e4mpfung sind nach wie vor knapp. Und selbst dort, wo ausreichende Finanzmittel zur Verf\u00fcgung stehen, ist die erforderliche Technologie nicht immer verf\u00fcgbar: einige \u00f6ffentliche Ausschreibungen blieben in letzter Zeit trotz deutlicher Bereitschaft zu h\u00f6heren Preisen ohne Angebote.\u00a0\n\n<p>\u00a0<\/p>\n<p>At the same time, Ideas and projects are fortunately increasing: development of new aircrafts, small drone-transport enabled water deploying equipment, new retardants or extinguishing agents. Yet, development times of aerial firefighting innovation like new airtankers can take years. Development is costly, and purchasing costs are not limited to the gear \u201conly\u201d: costs for building hangars, maintenance and required certification impede the renewal of existing fleets.<\/p>\n\n<p>Firefighting department budgets are limited, and additional short-term funding often becomes available only when governments are faced with large-scale, attention-grabbing emergencies. But even such short-term funding cannot procure breakthrough firefighting innovation where there is none or it is still in development.\u00a0<\/p>\n\n<h2 class=\"wp-block-heading\">Continuous asset management focussing on upgrading and efficiency\u00a0<\/h2>\n\n<p>The alternative solution to this predicament must be long-term and continuous capacity planning and existing asset management. Not only maintenance of existing equipment, but also increasing efficiency through incremental, cost-efficient upgrades come into focus. One US American state provides an interesting case in point: when relevant authorities was faced with massive fires, they realized they were lacking capacities. They requested external help did not arrive as other states also fought fires during the same period and suffered the same problem: limited and ageing firefighting fleets. As a reaction, the authority decided to ramp up their own fleet over the span of five years from 13 aerial means in 2018 to 44 aerial means in 2024, investing around half a billion US dollars. In addition, over a period of three years they spent an additional 120 million USD for maintenance. This situation triggered a rethinking on how to plan budgets for firefighting needs. Today, their budget foresees an annual amount of 50 million US$ for maintenance. The key takeaway here: to keep old and new assets operational, about 10% of the purchasing price should be factored in for maintenance annually.\u00a0<\/p>\n\n<h2 class=\"wp-block-heading\">The CAURUS \u201cbottom line\u201d of AFFE 2025<\/h2>\n\n<figure><img decoding=\"async\" src=\"https:\/\/caurus-technologies.com\/wp-content\/uploads\/2025\/04\/CAURUS-Sensor-functionalities-features-in-SFSW-presentation-1024x798.jpg\" alt=\"\" \/><\/figure>\n\n<p>Vorhandene Kapazit\u00e4ten sind \u00fcberall knapp, und die Anschaffung innovativer gro\u00dfer Flugger\u00e4te zur Brandbek\u00e4mpfung ist kostspielig. Eine aktive Haushaltsplanung muss die Notwendigkeit von Modernisierungen und Kapazit\u00e4tserweiterungen im Laufe der Zeit ber\u00fccksichtigen. Sie sollte aber auch \u00dcberlegungen einschlie\u00dfen, wie vorhandene Mittel und Kapazit\u00e4ten mit weniger kostspieligen, aber ebenso wirksamen Instrumenten aufger\u00fcstet werden k\u00f6nnen. Zum Beispiel Technologien\u00a0zur digitale Datenerfassung und -verarbeitung, welche\u00a0&#8220;immaterielle&#8221;, aber sehr effektive Verbesserungen priorisieren:\u00a0<\/p>\n\n<ul class=\"wp-block-list\">\n<li>-\tImproved efficiency of existing aerial means ensure continuity in crisis preparedness.\u00a0<\/li>\n\n<li>Eine verbesserte Effizienz der vorhandenen Luftfahrtflotte gew\u00e4hrleistet Kontinuit\u00e4t bei der Krisenvorsorge<\/li>\n<\/ul>\n\n<p>The CAURUS sensor platform is just such an innovation, enabling a cost-efficient upgrade of existing capacities like external load buckets and other assets in the fleets, available short-term. Existing helicopter-based extinguishing practices can be easily, rapidly and cost efficiently upgraded with our system. The CAURUS sensor and AI-based software can be added to existing systems without modifications or changed procedures. Without having to add extra crew and with only minutes to install, the sensor can increase situational awareness on the ground and on board. It thus opens a new dimension of insights DURING the mission and allows incident commands and pilots\/operators to make informed decision based on actual data.\u00a0<\/p>","protected":false},"excerpt":{"rendered":"<p>CAURUS Technologies Co-Gr\u00fcnder Philippe und Henrik Telle verbrachte zwei intensive Tage auf der Aerial Firefighting Europe Conference in Bordeaux, Frankreich, vom 26. bis 27. M\u00e4rz 2025. Sie trafen dort auf Vertreter anderer Unternehmen sowie Verantwortliche aus dem Bereich der Waldbrandbek\u00e4mpfung. Auch der CAURUS-Sensor wurde im Rahmen einer Pr\u00e4sentation der zust\u00e4ndigen bayrischen Beh\u00f6rde f\u00fcr Waldbrandbek\u00e4mpfung einem&hellip;&nbsp;<\/p>\n<div class=\"read-more-wrapper\"><a href=\"https:\/\/caurus-technologies.com\/en\/news\/rueckblick-auf-die-aerial-fire-fighting-europe-conference-2025\/\" class=\"button button-primary\" rel=\"bookmark\">Read More &raquo;<span class=\"screen-reader-text\">Takeaways from the Aerial Firefighting Europe Conference 2025<\/span><\/a><\/div>","protected":false},"author":3,"featured_media":0,"comment_status":"closed","ping_status":"open","sticky":false,"template":"","format":"standard","meta":{"neve_meta_sidebar":"","neve_meta_container":"","neve_meta_enable_content_width":"","neve_meta_content_width":0,"neve_meta_title_alignment":"","neve_meta_author_avatar":"","neve_post_elements_order":"","neve_meta_disable_header":"","neve_meta_disable_footer":"","neve_meta_disable_title":"","neve_meta_reading_time":"","footnotes":""},"categories":[1],"tags":[],"class_list":["post-2044","post","type-post","status-publish","format-standard","hentry","category-news"],"yoast_head":"<title>R\u00fcckblick auf die Aerial Fire Fighting Europe Conference 2025 - CAURUS Technologies<\/title>\n<meta name=\"robots\" content=\"index, follow, max-snippet:-1, max-image-preview:large, max-video-preview:-1\" \/>\n<link rel=\"canonical\" href=\"https:\/\/caurus-technologies.com\/en\/news\/rueckblick-auf-die-aerial-fire-fighting-europe-conference-2025\/\" \/>\n<meta property=\"og:locale\" content=\"en_US\" \/>\n<meta property=\"og:type\" content=\"article\" \/>\n<meta property=\"og:title\" content=\"R\u00fcckblick auf die Aerial Fire Fighting Europe Conference 2025 - CAURUS Technologies\" \/>\n<meta property=\"og:description\" content=\"CAURUS Technologies Co-Gr\u00fcnder Philippe und Henrik Telle verbrachte zwei intensive Tage auf der Aerial Firefighting Europe Conference in Bordeaux, Frankreich, vom 26. bis 27. M\u00e4rz 2025. Sie trafen dort auf Vertreter anderer Unternehmen sowie Verantwortliche aus dem Bereich der Waldbrandbek\u00e4mpfung. Auch der CAURUS-Sensor wurde im Rahmen einer Pr\u00e4sentation der zust\u00e4ndigen bayrischen Beh\u00f6rde f\u00fcr Waldbrandbek\u00e4mpfung einem&hellip;&nbsp;Read More &raquo;R\u00fcckblick auf die Aerial Fire Fighting Europe Conference 2025\" \/>\n<meta property=\"og:url\" content=\"https:\/\/caurus-technologies.com\/en\/news\/rueckblick-auf-die-aerial-fire-fighting-europe-conference-2025\/\" \/>\n<meta property=\"og:site_name\" content=\"CAURUS Technologies\" \/>\n<meta property=\"article:published_time\" content=\"2025-05-01T13:51:43+00:00\" \/>\n<meta property=\"article:modified_time\" content=\"2025-05-01T13:53:56+00:00\" \/>\n<meta property=\"og:image\" content=\"https:\/\/caurus-technologies.com\/wp-content\/uploads\/2025\/04\/CAURUS-Founders-at-AFFE2025-768x1024.jpg\" \/>\n<meta name=\"author\" content=\"Annette Wiedenbach\" \/>\n<meta name=\"twitter:card\" content=\"summary_large_image\" \/>\n<meta name=\"twitter:label1\" content=\"Written by\" \/>\n\t<meta name=\"twitter:data1\" content=\"Annette Wiedenbach\" \/>\n\t<meta name=\"twitter:label2\" content=\"Est. reading time\" \/>\n\t<meta name=\"twitter:data2\" content=\"6 minutes\" \/>\n<script type=\"application\/ld+json\" class=\"yoast-schema-graph\">{\"@context\":\"https:\\\/\\\/schema.org\",\"@graph\":[{\"@type\":\"Article\",\"@id\":\"https:\\\/\\\/caurus-technologies.com\\\/news\\\/rueckblick-auf-die-aerial-fire-fighting-europe-conference-2025\\\/#article\",\"isPartOf\":{\"@id\":\"https:\\\/\\\/caurus-technologies.com\\\/news\\\/rueckblick-auf-die-aerial-fire-fighting-europe-conference-2025\\\/\"},\"author\":{\"name\":\"Annette Wiedenbach\",\"@id\":\"https:\\\/\\\/caurus-technologies.com\\\/#\\\/schema\\\/person\\\/58d1e3731f782aa8d498507ad791452a\"},\"headline\":\"R\u00fcckblick auf die Aerial Fire Fighting Europe Conference 2025\",\"datePublished\":\"2025-05-01T13:51:43+00:00\",\"dateModified\":\"2025-05-01T13:53:56+00:00\",\"mainEntityOfPage\":{\"@id\":\"https:\\\/\\\/caurus-technologies.com\\\/news\\\/rueckblick-auf-die-aerial-fire-fighting-europe-conference-2025\\\/\"},\"wordCount\":1017,\"publisher\":{\"@id\":\"https:\\\/\\\/caurus-technologies.com\\\/#organization\"},\"image\":{\"@id\":\"https:\\\/\\\/caurus-technologies.com\\\/news\\\/rueckblick-auf-die-aerial-fire-fighting-europe-conference-2025\\\/#primaryimage\"},\"thumbnailUrl\":\"https:\\\/\\\/caurus-technologies.com\\\/wp-content\\\/uploads\\\/2025\\\/04\\\/CAURUS-Founders-at-AFFE2025-768x1024.jpg\",\"articleSection\":[\"News\"],\"inLanguage\":\"en-US\"},{\"@type\":\"WebPage\",\"@id\":\"https:\\\/\\\/caurus-technologies.com\\\/news\\\/rueckblick-auf-die-aerial-fire-fighting-europe-conference-2025\\\/\",\"url\":\"https:\\\/\\\/caurus-technologies.com\\\/news\\\/rueckblick-auf-die-aerial-fire-fighting-europe-conference-2025\\\/\",\"name\":\"R\u00fcckblick auf die Aerial Fire Fighting Europe Conference 2025 - CAURUS Technologies\",\"isPartOf\":{\"@id\":\"https:\\\/\\\/caurus-technologies.com\\\/#website\"},\"primaryImageOfPage\":{\"@id\":\"https:\\\/\\\/caurus-technologies.com\\\/news\\\/rueckblick-auf-die-aerial-fire-fighting-europe-conference-2025\\\/#primaryimage\"},\"image\":{\"@id\":\"https:\\\/\\\/caurus-technologies.com\\\/news\\\/rueckblick-auf-die-aerial-fire-fighting-europe-conference-2025\\\/#primaryimage\"},\"thumbnailUrl\":\"https:\\\/\\\/caurus-technologies.com\\\/wp-content\\\/uploads\\\/2025\\\/04\\\/CAURUS-Founders-at-AFFE2025-768x1024.jpg\",\"datePublished\":\"2025-05-01T13:51:43+00:00\",\"dateModified\":\"2025-05-01T13:53:56+00:00\",\"breadcrumb\":{\"@id\":\"https:\\\/\\\/caurus-technologies.com\\\/news\\\/rueckblick-auf-die-aerial-fire-fighting-europe-conference-2025\\\/#breadcrumb\"},\"inLanguage\":\"en-US\",\"potentialAction\":[{\"@type\":\"ReadAction\",\"target\":[\"https:\\\/\\\/caurus-technologies.com\\\/news\\\/rueckblick-auf-die-aerial-fire-fighting-europe-conference-2025\\\/\"]}]},{\"@type\":\"ImageObject\",\"inLanguage\":\"en-US\",\"@id\":\"https:\\\/\\\/caurus-technologies.com\\\/news\\\/rueckblick-auf-die-aerial-fire-fighting-europe-conference-2025\\\/#primaryimage\",\"url\":\"https:\\\/\\\/caurus-technologies.com\\\/wp-content\\\/uploads\\\/2025\\\/04\\\/CAURUS-Founders-at-AFFE2025-768x1024.jpg\",\"contentUrl\":\"https:\\\/\\\/caurus-technologies.com\\\/wp-content\\\/uploads\\\/2025\\\/04\\\/CAURUS-Founders-at-AFFE2025-768x1024.jpg\"},{\"@type\":\"BreadcrumbList\",\"@id\":\"https:\\\/\\\/caurus-technologies.com\\\/news\\\/rueckblick-auf-die-aerial-fire-fighting-europe-conference-2025\\\/#breadcrumb\",\"itemListElement\":[{\"@type\":\"ListItem\",\"position\":1,\"name\":\"Startseite\",\"item\":\"https:\\\/\\\/caurus-technologies.com\\\/\"},{\"@type\":\"ListItem\",\"position\":2,\"name\":\"R\u00fcckblick auf die Aerial Fire Fighting Europe Conference 2025\"}]},{\"@type\":\"WebSite\",\"@id\":\"https:\\\/\\\/caurus-technologies.com\\\/#website\",\"url\":\"https:\\\/\\\/caurus-technologies.com\\\/\",\"name\":\"CAURUS Technologies\",\"description\":\"Boosting Water\u2019s Impact on Fire | F\u00fcr mehr Pr\u00e4zision, Effizienz und Sicherheit in der Waldbrandbek\u00e4mpfung aus der Luft\",\"publisher\":{\"@id\":\"https:\\\/\\\/caurus-technologies.com\\\/#organization\"},\"potentialAction\":[{\"@type\":\"SearchAction\",\"target\":{\"@type\":\"EntryPoint\",\"urlTemplate\":\"https:\\\/\\\/caurus-technologies.com\\\/?s={search_term_string}\"},\"query-input\":{\"@type\":\"PropertyValueSpecification\",\"valueRequired\":true,\"valueName\":\"search_term_string\"}}],\"inLanguage\":\"en-US\"},{\"@type\":\"Organization\",\"@id\":\"https:\\\/\\\/caurus-technologies.com\\\/#organization\",\"name\":\"CAURUS Technologies GmbH\",\"url\":\"https:\\\/\\\/caurus-technologies.com\\\/\",\"logo\":{\"@type\":\"ImageObject\",\"inLanguage\":\"en-US\",\"@id\":\"https:\\\/\\\/caurus-technologies.com\\\/#\\\/schema\\\/logo\\\/image\\\/\",\"url\":\"https:\\\/\\\/caurus-technologies.com\\\/wp-content\\\/uploads\\\/2023\\\/04\\\/favicon.png\",\"contentUrl\":\"https:\\\/\\\/caurus-technologies.com\\\/wp-content\\\/uploads\\\/2023\\\/04\\\/favicon.png\",\"width\":512,\"height\":512,\"caption\":\"CAURUS Technologies GmbH\"},\"image\":{\"@id\":\"https:\\\/\\\/caurus-technologies.com\\\/#\\\/schema\\\/logo\\\/image\\\/\"}},{\"@type\":\"Person\",\"@id\":\"https:\\\/\\\/caurus-technologies.com\\\/#\\\/schema\\\/person\\\/58d1e3731f782aa8d498507ad791452a\",\"name\":\"Annette Wiedenbach\",\"image\":{\"@type\":\"ImageObject\",\"inLanguage\":\"en-US\",\"@id\":\"https:\\\/\\\/secure.gravatar.com\\\/avatar\\\/5430a96a36c11b79aaa9bb9c4e7220c9d5e009fa85c49d5b5a92a6f69a0c252c?s=96&d=mm&r=g\",\"url\":\"https:\\\/\\\/secure.gravatar.com\\\/avatar\\\/5430a96a36c11b79aaa9bb9c4e7220c9d5e009fa85c49d5b5a92a6f69a0c252c?s=96&d=mm&r=g\",\"contentUrl\":\"https:\\\/\\\/secure.gravatar.com\\\/avatar\\\/5430a96a36c11b79aaa9bb9c4e7220c9d5e009fa85c49d5b5a92a6f69a0c252c?s=96&d=mm&r=g\",\"caption\":\"Annette Wiedenbach\"},\"url\":\"https:\\\/\\\/caurus-technologies.com\\\/en\\\/author\\\/a_wiedenbach\\\/\"}]}<\/script>","yoast_head_json":{"title":"R\u00fcckblick auf die Aerial Fire Fighting Europe Conference 2025 - CAURUS Technologies","robots":{"index":"index","follow":"follow","max-snippet":"max-snippet:-1","max-image-preview":"max-image-preview:large","max-video-preview":"max-video-preview:-1"},"canonical":"https:\/\/caurus-technologies.com\/en\/news\/rueckblick-auf-die-aerial-fire-fighting-europe-conference-2025\/","og_locale":"en_US","og_type":"article","og_title":"R\u00fcckblick auf die Aerial Fire Fighting Europe Conference 2025 - CAURUS Technologies","og_description":"CAURUS Technologies Co-Gr\u00fcnder Philippe und Henrik Telle verbrachte zwei intensive Tage auf der Aerial Firefighting Europe Conference in Bordeaux, Frankreich, vom 26. bis 27. M\u00e4rz 2025. Sie trafen dort auf Vertreter anderer Unternehmen sowie Verantwortliche aus dem Bereich der Waldbrandbek\u00e4mpfung. Auch der CAURUS-Sensor wurde im Rahmen einer Pr\u00e4sentation der zust\u00e4ndigen bayrischen Beh\u00f6rde f\u00fcr Waldbrandbek\u00e4mpfung einem&hellip;&nbsp;Read More &raquo;R\u00fcckblick auf die Aerial Fire Fighting Europe Conference 2025","og_url":"https:\/\/caurus-technologies.com\/en\/news\/rueckblick-auf-die-aerial-fire-fighting-europe-conference-2025\/","og_site_name":"CAURUS Technologies","article_published_time":"2025-05-01T13:51:43+00:00","article_modified_time":"2025-05-01T13:53:56+00:00","og_image":[{"url":"https:\/\/caurus-technologies.com\/wp-content\/uploads\/2025\/04\/CAURUS-Founders-at-AFFE2025-768x1024.jpg","type":"","width":"","height":""}],"author":"Annette Wiedenbach","twitter_card":"summary_large_image","twitter_misc":{"Written by":"Annette Wiedenbach","Est. reading time":"6 minutes"},"schema":{"@context":"https:\/\/schema.org","@graph":[{"@type":"Article","@id":"https:\/\/caurus-technologies.com\/news\/rueckblick-auf-die-aerial-fire-fighting-europe-conference-2025\/#article","isPartOf":{"@id":"https:\/\/caurus-technologies.com\/news\/rueckblick-auf-die-aerial-fire-fighting-europe-conference-2025\/"},"author":{"name":"Annette Wiedenbach","@id":"https:\/\/caurus-technologies.com\/#\/schema\/person\/58d1e3731f782aa8d498507ad791452a"},"headline":"R\u00fcckblick auf die Aerial Fire Fighting Europe Conference 2025","datePublished":"2025-05-01T13:51:43+00:00","dateModified":"2025-05-01T13:53:56+00:00","mainEntityOfPage":{"@id":"https:\/\/caurus-technologies.com\/news\/rueckblick-auf-die-aerial-fire-fighting-europe-conference-2025\/"},"wordCount":1017,"publisher":{"@id":"https:\/\/caurus-technologies.com\/#organization"},"image":{"@id":"https:\/\/caurus-technologies.com\/news\/rueckblick-auf-die-aerial-fire-fighting-europe-conference-2025\/#primaryimage"},"thumbnailUrl":"https:\/\/caurus-technologies.com\/wp-content\/uploads\/2025\/04\/CAURUS-Founders-at-AFFE2025-768x1024.jpg","articleSection":["News"],"inLanguage":"en-US"},{"@type":"WebPage","@id":"https:\/\/caurus-technologies.com\/news\/rueckblick-auf-die-aerial-fire-fighting-europe-conference-2025\/","url":"https:\/\/caurus-technologies.com\/news\/rueckblick-auf-die-aerial-fire-fighting-europe-conference-2025\/","name":"R\u00fcckblick auf die Aerial Fire Fighting Europe Conference 2025 - CAURUS Technologies","isPartOf":{"@id":"https:\/\/caurus-technologies.com\/#website"},"primaryImageOfPage":{"@id":"https:\/\/caurus-technologies.com\/news\/rueckblick-auf-die-aerial-fire-fighting-europe-conference-2025\/#primaryimage"},"image":{"@id":"https:\/\/caurus-technologies.com\/news\/rueckblick-auf-die-aerial-fire-fighting-europe-conference-2025\/#primaryimage"},"thumbnailUrl":"https:\/\/caurus-technologies.com\/wp-content\/uploads\/2025\/04\/CAURUS-Founders-at-AFFE2025-768x1024.jpg","datePublished":"2025-05-01T13:51:43+00:00","dateModified":"2025-05-01T13:53:56+00:00","breadcrumb":{"@id":"https:\/\/caurus-technologies.com\/news\/rueckblick-auf-die-aerial-fire-fighting-europe-conference-2025\/#breadcrumb"},"inLanguage":"en-US","potentialAction":[{"@type":"ReadAction","target":["https:\/\/caurus-technologies.com\/news\/rueckblick-auf-die-aerial-fire-fighting-europe-conference-2025\/"]}]},{"@type":"ImageObject","inLanguage":"en-US","@id":"https:\/\/caurus-technologies.com\/news\/rueckblick-auf-die-aerial-fire-fighting-europe-conference-2025\/#primaryimage","url":"https:\/\/caurus-technologies.com\/wp-content\/uploads\/2025\/04\/CAURUS-Founders-at-AFFE2025-768x1024.jpg","contentUrl":"https:\/\/caurus-technologies.com\/wp-content\/uploads\/2025\/04\/CAURUS-Founders-at-AFFE2025-768x1024.jpg"},{"@type":"BreadcrumbList","@id":"https:\/\/caurus-technologies.com\/news\/rueckblick-auf-die-aerial-fire-fighting-europe-conference-2025\/#breadcrumb","itemListElement":[{"@type":"ListItem","position":1,"name":"Startseite","item":"https:\/\/caurus-technologies.com\/"},{"@type":"ListItem","position":2,"name":"R\u00fcckblick auf die Aerial Fire Fighting Europe Conference 2025"}]},{"@type":"WebSite","@id":"https:\/\/caurus-technologies.com\/#website","url":"https:\/\/caurus-technologies.com\/","name":"CAURUS Technologies - advanced forest firefighting from the air","description":"Boosting Water\u2019s Impact on Fire | F\u00fcr mehr Pr\u00e4zision, Effizienz und Sicherheit in der Waldbrandbek\u00e4mpfung aus der Luft","publisher":{"@id":"https:\/\/caurus-technologies.com\/#organization"},"potentialAction":[{"@type":"SearchAction","target":{"@type":"EntryPoint","urlTemplate":"https:\/\/caurus-technologies.com\/?s={search_term_string}"},"query-input":{"@type":"PropertyValueSpecification","valueRequired":true,"valueName":"search_term_string"}}],"inLanguage":"en-US"},{"@type":"Organization","@id":"https:\/\/caurus-technologies.com\/#organization","name":"CAURUS Technologies GmbH","url":"https:\/\/caurus-technologies.com\/","logo":{"@type":"ImageObject","inLanguage":"en-US","@id":"https:\/\/caurus-technologies.com\/#\/schema\/logo\/image\/","url":"https:\/\/caurus-technologies.com\/wp-content\/uploads\/2023\/04\/favicon.png","contentUrl":"https:\/\/caurus-technologies.com\/wp-content\/uploads\/2023\/04\/favicon.png","width":512,"height":512,"caption":"CAURUS Technologies GmbH"},"image":{"@id":"https:\/\/caurus-technologies.com\/#\/schema\/logo\/image\/"}},{"@type":"Person","@id":"https:\/\/caurus-technologies.com\/#\/schema\/person\/58d1e3731f782aa8d498507ad791452a","name":"Annette Wiedenbach","image":{"@type":"ImageObject","inLanguage":"en-US","@id":"https:\/\/secure.gravatar.com\/avatar\/5430a96a36c11b79aaa9bb9c4e7220c9d5e009fa85c49d5b5a92a6f69a0c252c?s=96&d=mm&r=g","url":"https:\/\/secure.gravatar.com\/avatar\/5430a96a36c11b79aaa9bb9c4e7220c9d5e009fa85c49d5b5a92a6f69a0c252c?s=96&d=mm&r=g","contentUrl":"https:\/\/secure.gravatar.com\/avatar\/5430a96a36c11b79aaa9bb9c4e7220c9d5e009fa85c49d5b5a92a6f69a0c252c?s=96&d=mm&r=g","caption":"Annette Wiedenbach"},"url":"https:\/\/caurus-technologies.com\/en\/author\/a_wiedenbach\/"}]}},"_links":{"self":[{"href":"https:\/\/caurus-technologies.com\/en\/wp-json\/wp\/v2\/posts\/2044","targetHints":{"allow":["GET"]}}],"collection":[{"href":"https:\/\/caurus-technologies.com\/en\/wp-json\/wp\/v2\/posts"}],"about":[{"href":"https:\/\/caurus-technologies.com\/en\/wp-json\/wp\/v2\/types\/post"}],"author":[{"embeddable":true,"href":"https:\/\/caurus-technologies.com\/en\/wp-json\/wp\/v2\/users\/3"}],"replies":[{"embeddable":true,"href":"https:\/\/caurus-technologies.com\/en\/wp-json\/wp\/v2\/comments?post=2044"}],"version-history":[{"count":3,"href":"https:\/\/caurus-technologies.com\/en\/wp-json\/wp\/v2\/posts\/2044\/revisions"}],"predecessor-version":[{"id":2052,"href":"https:\/\/caurus-technologies.com\/en\/wp-json\/wp\/v2\/posts\/2044\/revisions\/2052"}],"wp:attachment":[{"href":"https:\/\/caurus-technologies.com\/en\/wp-json\/wp\/v2\/media?parent=2044"}],"wp:term":[{"taxonomy":"category","embeddable":true,"href":"https:\/\/caurus-technologies.com\/en\/wp-json\/wp\/v2\/categories?post=2044"},{"taxonomy":"post_tag","embeddable":true,"href":"https:\/\/caurus-technologies.com\/en\/wp-json\/wp\/v2\/tags?post=2044"}],"curies":[{"name":"wp","href":"https:\/\/api.w.org\/{rel}","templated":true}]}}